{"id":2030,"date":"2015-06-05T11:00:16","date_gmt":"2015-06-05T11:00:16","guid":{"rendered":"https:\/\/realpolitikmag.org\/wp\/?p=2030"},"modified":"2015-06-19T11:11:50","modified_gmt":"2015-06-19T11:11:50","slug":"o-futuro-da-representacao-politica-democratica","status":"publish","type":"post","link":"https:\/\/realpolitikmag.org\/index.php\/2015\/06\/05\/o-futuro-da-representacao-politica-democratica\/","title":{"rendered":"O Futuro da Representa\u00e7\u00e3o Pol\u00edtica Democr\u00e1tica"},"content":{"rendered":"<p><a href=\"https:\/\/realpolitikmag.org\/wp\/wp-content\/uploads\/2015\/06\/O-Futuro-da-Representacao-Politica-De-mocr\u00e1tica.jpg\"><img loading=\"lazy\" decoding=\"async\" class=\"alignnone size-large wp-image-2109\" src=\"https:\/\/realpolitikmag.org\/wp\/wp-content\/uploads\/2015\/06\/O-Futuro-da-Representacao-Politica-De-mocr\u00e1tica-1024x460.jpg\" alt=\"O Futuro da Representa\u00e7\u00e3o Pol\u00edtica Democr\u00e1tica\" width=\"1024\" height=\"460\" srcset=\"https:\/\/realpolitikmag.org\/wp-content\/uploads\/2015\/06\/O-Futuro-da-Representacao-Politica-De-mocr\u00e1tica-1024x460.jpg 1024w, https:\/\/realpolitikmag.org\/wp-content\/uploads\/2015\/06\/O-Futuro-da-Representacao-Politica-De-mocr\u00e1tica-1568x705.jpg 1568w, https:\/\/realpolitikmag.org\/wp-content\/uploads\/2015\/06\/O-Futuro-da-Representacao-Politica-De-mocr\u00e1tica-300x135.jpg 300w, https:\/\/realpolitikmag.org\/wp-content\/uploads\/2015\/06\/O-Futuro-da-Representacao-Politica-De-mocr\u00e1tica-768x345.jpg 768w, https:\/\/realpolitikmag.org\/wp-content\/uploads\/2015\/06\/O-Futuro-da-Representacao-Politica-De-mocr\u00e1tica-1536x690.jpg 1536w, https:\/\/realpolitikmag.org\/wp-content\/uploads\/2015\/06\/O-Futuro-da-Representacao-Politica-De-mocr\u00e1tica-2048x920.jpg 2048w, https:\/\/realpolitikmag.org\/wp-content\/uploads\/2015\/06\/O-Futuro-da-Representacao-Politica-De-mocr\u00e1tica-370x166.jpg 370w, https:\/\/realpolitikmag.org\/wp-content\/uploads\/2015\/06\/O-Futuro-da-Representacao-Politica-De-mocr\u00e1tica-570x256.jpg 570w, https:\/\/realpolitikmag.org\/wp-content\/uploads\/2015\/06\/O-Futuro-da-Representacao-Politica-De-mocr\u00e1tica-770x346.jpg 770w, https:\/\/realpolitikmag.org\/wp-content\/uploads\/2015\/06\/O-Futuro-da-Representacao-Politica-De-mocr\u00e1tica-1170x526.jpg 1170w, https:\/\/realpolitikmag.org\/wp-content\/uploads\/2015\/06\/O-Futuro-da-Representacao-Politica-De-mocr\u00e1tica-1291x580.jpg 1291w\" sizes=\"auto, (max-width: 1024px) 100vw, 1024px\" \/><\/a><\/p>\n<p><strong>Lan\u00e7amento do Livro: 1 Julho 2015, 18h00-20h00, \u00a0Audit\u00f3rio JJ Laginha, ISCTE-IUL<\/strong><\/p>\n<p><strong>Apresenta\u00e7\u00e3o com Maria Flor Pedroso, Paulo Trigo Pereira e Viriato Soromenho Marques<\/strong><\/p>\n<div class=\"sc-columns half clearfix\">\n<div class=\"col\">\n<p>&nbsp;<\/p>\n<blockquote><p>Esta \u00e9 uma \u00e9poca paradoxal. Por um lado, desde a terceira vaga de democratiza\u00e7\u00e3o \u00e0 escala de mundial, que come\u00e7ou com o 25 de Abril de 1974, temos hoje provavelmente o maior n\u00famero de sempre democracias no mundo.<\/p>\n<p>Por\u00e9m, por outro lado, \u00abavolumam-se v\u00e1rios sinais de crise nos regimes democr\u00e1ticos representativos (\u2026), nomeadamente, ao n\u00edvel do n\u00facleo duro destes regimes no Ocidente.\u00bb H\u00e1 a clara e firme perce\u00e7\u00e3o (\u2026) \u00abde que estamos numa fase de transi\u00e7\u00e3o para algo diferente. Todavia, h\u00e1 uma grande indefini\u00e7\u00e3o sobre o perfil dos novos regimes que resultar\u00e3o desta transi\u00e7\u00e3o (\u2026).\u00bb<\/p>\n<p>\u00abOs diferentes cap\u00edtulos do livro (<em>sobre democracia, parlamentos, partidos, sindicatos, movimentos sociais, europeiza\u00e7\u00e3o e globaliza\u00e7\u00e3o<\/em>) apresentam sempre evolu\u00e7\u00f5es prov\u00e1veis, mais ou menos positivas (<em>e mais ou menos desej\u00e1veis do ponto de vista normativo<\/em>), consoante os cen\u00e1rios tra\u00e7ados, embora pud\u00e9ssemos descrever cada um dos estudos segundo uma t\u00f3nica dominante mais otimista ou mais c\u00e9tica, quer quanto \u00e0s tend\u00eancias atuais, quer quanto \u00e0s perspetivas futuras (\u2026).\u00bb<\/p>\n<p>\u00abH\u00e1, por\u00e9m, pelo menos um forte tra\u00e7o de uni\u00e3o entre os v\u00e1rios cap\u00edtulos: (\u2026) em estudo algum, perpassa a ideia de que n\u00e3o h\u00e1 alternativas mais democr\u00e1ticas face ao <em>statu quo, <\/em>rejeitando-se assim sempre a ideia de \u2018n\u00e3o h\u00e1 alternativa\u2019 em prol da ideia cara aos ativistas e te\u00f3ricos alter-mundialistas de que \u2018Outro mundo \u00e9 poss\u00edvel\u2019.\u00bb<\/p><\/blockquote>\n<p style=\"text-align: right;\">Excertos da Introdu\u00e7\u00e3o, por Andr\u00e9 FREIRE<\/p>\n<\/div>\n<div class=\"col\">\n<p>&nbsp;<\/p>\n<p>&nbsp;<\/p>\n<p>AUTORES<\/p>\n<p>Sob a coordena\u00e7\u00e3o de Andr\u00e9 Freire (ISCTE-IUL e CIES-IUL), um conjunto de prestigiados acad\u00e9micos, especialistas em cada dom\u00ednio, escreve sobre \u00abO futuro da representa\u00e7\u00e3o pol\u00edtica democr\u00e1tica\u00bb: as perspetivas futuras para a democracia (Andr\u00e9 Freire), a representa\u00e7\u00e3o parlamentar (Cristina Leston-Bandeira, Universidade de Hull \u2013 Reino Unido, e Tiago Tib\u00farcio, CIES-IUL), os partidos (Marco Lisi, FCSH-UNL e IPRI-UNL), os sindicatos (El\u00edsio Estanque, Hermes Costa e Manuel Carvalho da Silva \u2013 FE-UC e CES-UC) e os movimentos sociais (Britta Baumgarten, CIES-IUL). Adicionalmente, Jos\u00e9 Pedro Teixeira Fernandes do ISCET e IPRI-UNL (Europeiza\u00e7\u00e3o) e Emmanouil Tsatsanis do CIES-IUL (Globaliza\u00e7\u00e3o) escrevem sobre o futuro da representa\u00e7\u00e3o pol\u00edtica democr\u00e1tica ao n\u00edvel da UE e do mundo, duas arenas fundamentais onde se joga o futuro da democracia.<\/p>\n<p><a href=\"https:\/\/realpolitikmag.org\/wp\/wp-content\/uploads\/2015\/06\/O-Futuro-da-Representacao-Politica-Democr\u00e1tica-banner-bw.jpg\"><img loading=\"lazy\" decoding=\"async\" class=\" size-full wp-image-2071 alignleft\" src=\"https:\/\/realpolitikmag.org\/wp\/wp-content\/uploads\/2015\/06\/O-Futuro-da-Representacao-Politica-Democr\u00e1tica-banner-bw.jpg\" alt=\"O Futuro da Representa\u00e7\u00e3o Pol\u00edtica Democr\u00e1tica\" width=\"313\" height=\"816\" srcset=\"https:\/\/realpolitikmag.org\/wp-content\/uploads\/2015\/06\/O-Futuro-da-Representacao-Politica-Democr\u00e1tica-banner-bw.jpg 313w, https:\/\/realpolitikmag.org\/wp-content\/uploads\/2015\/06\/O-Futuro-da-Representacao-Politica-Democr\u00e1tica-banner-bw-115x300.jpg 115w, https:\/\/realpolitikmag.org\/wp-content\/uploads\/2015\/06\/O-Futuro-da-Representacao-Politica-Democr\u00e1tica-banner-bw-222x580.jpg 222w\" sizes=\"auto, (max-width: 313px) 100vw, 313px\" \/><\/a><\/p>\n<p>&nbsp;<\/p>\n<p>&nbsp;<\/p>\n<p>&nbsp;<\/p>\n<p>&nbsp;<\/p>\n<p>&nbsp;<\/p>\n<p>&nbsp;<\/p>\n<p>&nbsp;<\/p>\n<p>&nbsp;<\/p>\n<p>&nbsp;<\/p>\n<p>&nbsp;<\/p>\n<p>&nbsp;<\/p>\n<p>&nbsp;<\/p>\n<p>&nbsp;<\/p>\n<p>&nbsp;<\/p>\n<p>&nbsp;<\/p>\n<p>&nbsp;<\/p>\n<p>&nbsp;<\/p>\n<p>&nbsp;<\/p>\n<p>&nbsp;<\/p>\n<p>&nbsp;<\/p>\n<p>&nbsp;<\/p>\n<\/div>\n<\/div>\n<p>&nbsp;<\/p>\n<p>&nbsp;<\/p>\n<p>&nbsp;<\/p>\n<p>&nbsp;<\/p>\n<p>&nbsp;<\/p>\n","protected":false},"excerpt":{"rendered":"<p>Lan\u00e7amento do Livro: 1 Julho 2015, 18h00-20h00, \u00a0Audit\u00f3rio JJ Laginha, ISCTE-IUL Apresenta\u00e7\u00e3o com Maria Flor Pedroso, Paulo Trigo Pereira e Viriato Soromenho Marques &nbsp; &nbsp; &nbsp; &nbsp; &nbsp;<\/p>\n","protected":false},"author":1,"featured_media":0,"comment_status":"closed","ping_status":"closed","sticky":false,"template":"","format":"standard","meta":{"footnotes":""},"categories":[82],"tags":[],"class_list":["post-2030","post","type-post","status-publish","format-standard","hentry","category-capitulos-em-livros","entry"],"_links":{"self":[{"href":"https:\/\/realpolitikmag.org\/index.php\/wp-json\/wp\/v2\/posts\/2030","targetHints":{"allow":["GET"]}}],"collection":[{"href":"https:\/\/realpolitikmag.org\/index.php\/wp-json\/wp\/v2\/posts"}],"about":[{"href":"https:\/\/realpolitikmag.org\/index.php\/wp-json\/wp\/v2\/types\/post"}],"author":[{"embeddable":true,"href":"https:\/\/realpolitikmag.org\/index.php\/wp-json\/wp\/v2\/users\/1"}],"replies":[{"embeddable":true,"href":"https:\/\/realpolitikmag.org\/index.php\/wp-json\/wp\/v2\/comments?post=2030"}],"version-history":[{"count":0,"href":"https:\/\/realpolitikmag.org\/index.php\/wp-json\/wp\/v2\/posts\/2030\/revisions"}],"wp:attachment":[{"href":"https:\/\/realpolitikmag.org\/index.php\/wp-json\/wp\/v2\/media?parent=2030"}],"wp:term":[{"taxonomy":"category","embeddable":true,"href":"https:\/\/realpolitikmag.org\/index.php\/wp-json\/wp\/v2\/categories?post=2030"},{"taxonomy":"post_tag","embeddable":true,"href":"https:\/\/realpolitikmag.org\/index.php\/wp-json\/wp\/v2\/tags?post=2030"}],"curies":[{"name":"wp","href":"https:\/\/api.w.org\/{rel}","templated":true}]}}