{"id":5756,"date":"2021-09-23T15:04:14","date_gmt":"2021-09-23T15:04:14","guid":{"rendered":"https:\/\/realpolitikmag.org\/?p=5756"},"modified":"2024-09-19T10:33:54","modified_gmt":"2024-09-19T10:33:54","slug":"politica-internacional-e-geopolitica-a-reconfiguracao-do-mundo-do-seculo-xxi","status":"publish","type":"post","link":"https:\/\/realpolitikmag.org\/index.php\/2021\/09\/23\/politica-internacional-e-geopolitica-a-reconfiguracao-do-mundo-do-seculo-xxi\/","title":{"rendered":"Pol\u00edtica Internacional e Geopol\u00edtica \u2014 a reconfigura\u00e7\u00e3o do mundo do s\u00e9culo XXI (2021-2022)"},"content":{"rendered":"\n<figure class=\"wp-block-image size-large\"><a href=\"https:\/\/realpolitikmag.org\/wp-content\/uploads\/2021\/09\/Geopolitics.png\"><img loading=\"lazy\" decoding=\"async\" width=\"1024\" height=\"525\" src=\"https:\/\/realpolitikmag.org\/wp-content\/uploads\/2021\/09\/Geopolitics-1024x525.png\" alt=\"\" class=\"wp-image-5757\" srcset=\"https:\/\/realpolitikmag.org\/wp-content\/uploads\/2021\/09\/Geopolitics-1024x525.png 1024w, https:\/\/realpolitikmag.org\/wp-content\/uploads\/2021\/09\/Geopolitics-1568x804.png 1568w, https:\/\/realpolitikmag.org\/wp-content\/uploads\/2021\/09\/Geopolitics-300x154.png 300w, https:\/\/realpolitikmag.org\/wp-content\/uploads\/2021\/09\/Geopolitics-768x394.png 768w, https:\/\/realpolitikmag.org\/wp-content\/uploads\/2021\/09\/Geopolitics-1536x787.png 1536w, https:\/\/realpolitikmag.org\/wp-content\/uploads\/2021\/09\/Geopolitics-370x190.png 370w, https:\/\/realpolitikmag.org\/wp-content\/uploads\/2021\/09\/Geopolitics-570x292.png 570w, https:\/\/realpolitikmag.org\/wp-content\/uploads\/2021\/09\/Geopolitics-770x395.png 770w, https:\/\/realpolitikmag.org\/wp-content\/uploads\/2021\/09\/Geopolitics-1170x600.png 1170w, https:\/\/realpolitikmag.org\/wp-content\/uploads\/2021\/09\/Geopolitics-1132x580.png 1132w, https:\/\/realpolitikmag.org\/wp-content\/uploads\/2021\/09\/Geopolitics.png 1920w\" sizes=\"auto, (max-width: 1024px) 100vw, 1024px\" \/><\/a><figcaption class=\"wp-element-caption\">Political World Map &#8211; Wikimedia Commons<\/figcaption><\/figure>\n\n\n\n<p><\/p>\n\n\n\n<figure class=\"wp-block-image size-full\"><a href=\"https:\/\/realpolitikmag.org\/wp-content\/uploads\/2021\/09\/curso-livre-bw.jpg\"><img loading=\"lazy\" decoding=\"async\" width=\"148\" height=\"144\" src=\"https:\/\/realpolitikmag.org\/wp-content\/uploads\/2021\/09\/curso-livre-bw.jpg\" alt=\"\" class=\"wp-image-5762\"\/><\/a><\/figure>\n\n\n\n<p>Dura\u00e7\u00e3o: 1 ano lectivo<\/p>\n\n\n\n<p>Hor\u00e1rio: 2h \/ semana&nbsp;<\/p>\n\n\n\n<p>In\u00edcio: Outubro de 2021<\/p>\n\n\n\n<p>O objectivo do curso \u00e9 passar em revista e analisar alguns dos problemas pol\u00edticos fundamentais do mundo contempor\u00e2neo, procurando perceber as suas potenciais implica\u00e7\u00f5es. Ao mesmo tempo, s\u00e3o tamb\u00e9m abordadas as principais linhas de conflito geopol\u00edtico a n\u00edvel mundial sob diferentes perspectivas anal\u00edticas. Os t\u00f3picos a seguir apresentados s\u00e3o indicativos das linhas program\u00e1ticas a desenvolver durante as sess\u00f5es da unidade cultural ao longo do ano lectivo.<\/p>\n\n\n\n<p><strong>Parte I &#8211; Pol\u00edtica Internacional<\/strong><strong><\/strong><\/p>\n\n\n\n<ol class=\"wp-block-list\">\n<li>Globaliza\u00e7\u00e3o e desglobaliza\u00e7\u00e3o<\/li>\n\n\n\n<li>Na\u00e7\u00f5es Unidas e governa\u00e7\u00e3o global<\/li>\n\n\n\n<li>Uni\u00e3o Europeia e Europa no mundo<\/li>\n\n\n\n<li>Demografia e migra\u00e7\u00f5es<\/li>\n\n\n\n<li>Economia pol\u00edtica internacional<\/li>\n\n\n\n<li>Casos de actualidade pol\u00edtica internacional<\/li>\n<\/ol>\n\n\n\n<p><strong>Parte II &#8211; Geopol\u00edtica&nbsp;<\/strong><strong><\/strong><\/p>\n\n\n\n<ol class=\"wp-block-list\">\n<li>A geopol\u00edtica da competi\u00e7\u00e3o pela hegemonia global<\/li>\n\n\n\n<li>A geopol\u00edtica das esferas de influ\u00eancia regionais<\/li>\n\n\n\n<li>A geopol\u00edtica dos conflitos territoriais<\/li>\n\n\n\n<li>A geopol\u00edtica dos recursos naturais<\/li>\n\n\n\n<li>A geopol\u00edtica dos conflitos identit\u00e1rios\u00a0<\/li>\n\n\n\n<li>Casos de estudo de conflitos geopol\u00edticos<\/li>\n<\/ol>\n\n\n\n<p><\/p>\n\n\n\n<figure class=\"wp-block-image size-full\"><a href=\"https:\/\/realpolitikmag.org\/wp-content\/uploads\/2021\/09\/palestra-bw.jpg\"><img loading=\"lazy\" decoding=\"async\" width=\"98\" height=\"96\" src=\"https:\/\/realpolitikmag.org\/wp-content\/uploads\/2021\/09\/palestra-bw.jpg\" alt=\"\" class=\"wp-image-5763\"\/><\/a><\/figure>\n\n\n\n<div class=\"wp-block-file\"><a id=\"wp-block-file--media-70921676-11e4-4aac-8521-4ad1877d9917\" href=\"https:\/\/realpolitikmag.org\/wp-content\/uploads\/2021\/10\/Sessao-1.pdf\">Sess\u00e3o n\u00ba 1<\/a><a href=\"https:\/\/realpolitikmag.org\/wp-content\/uploads\/2021\/10\/Sessao-1.pdf\" class=\"wp-block-file__button wp-element-button\" download aria-describedby=\"wp-block-file--media-70921676-11e4-4aac-8521-4ad1877d9917\">Descarregar<\/a><\/div>\n\n\n\n<div class=\"wp-block-file\"><a id=\"wp-block-file--media-6d385426-21e0-45e6-8d4f-3b83eb18513a\" href=\"https:\/\/realpolitikmag.org\/wp-content\/uploads\/2021\/10\/Sessao-2.pdf\">Sess\u00e3o n\u00ba 2<\/a><a href=\"https:\/\/realpolitikmag.org\/wp-content\/uploads\/2021\/10\/Sessao-2.pdf\" class=\"wp-block-file__button wp-element-button\" download aria-describedby=\"wp-block-file--media-6d385426-21e0-45e6-8d4f-3b83eb18513a\">Descarregar<\/a><\/div>\n\n\n\n<div class=\"wp-block-file\"><a id=\"wp-block-file--media-df87c575-4879-42c6-9b6f-922257dba0cb\" href=\"https:\/\/realpolitikmag.org\/wp-content\/uploads\/2021\/10\/Sessao-3.pdf\">Sess\u00e3o n\u00ba 3<\/a><a href=\"https:\/\/realpolitikmag.org\/wp-content\/uploads\/2021\/10\/Sessao-3.pdf\" class=\"wp-block-file__button wp-element-button\" download aria-describedby=\"wp-block-file--media-df87c575-4879-42c6-9b6f-922257dba0cb\">Descarregar<\/a><\/div>\n\n\n\n<div class=\"wp-block-file\"><a id=\"wp-block-file--media-4494fb3c-fe69-4e4c-8b08-6e390ec6deaf\" href=\"https:\/\/realpolitikmag.org\/wp-content\/uploads\/2021\/10\/Sessao-4.pdf\">Sess\u00e3o n\u00ba 4<\/a><a href=\"https:\/\/realpolitikmag.org\/wp-content\/uploads\/2021\/10\/Sessao-4.pdf\" class=\"wp-block-file__button wp-element-button\" download aria-describedby=\"wp-block-file--media-4494fb3c-fe69-4e4c-8b08-6e390ec6deaf\">Descarregar<\/a><\/div>\n\n\n\n<div class=\"wp-block-file\"><a id=\"wp-block-file--media-02933b42-7567-4777-8ada-fa24b7de340a\" href=\"https:\/\/realpolitikmag.org\/wp-content\/uploads\/2021\/11\/Sessao-5.pdf\">Sess\u00e3o n\u00ba 5<\/a><a href=\"https:\/\/realpolitikmag.org\/wp-content\/uploads\/2021\/11\/Sessao-5.pdf\" class=\"wp-block-file__button wp-element-button\" download aria-describedby=\"wp-block-file--media-02933b42-7567-4777-8ada-fa24b7de340a\">Descarregar<\/a><\/div>\n\n\n\n<div class=\"wp-block-file\"><a id=\"wp-block-file--media-5d3b5d2b-208e-4b84-8b4f-9d1b5d3484d7\" href=\"https:\/\/realpolitikmag.org\/wp-content\/uploads\/2021\/11\/Sessao-6.pdf\">Sess\u00e3o n\u00ba 6<\/a><a href=\"https:\/\/realpolitikmag.org\/wp-content\/uploads\/2021\/11\/Sessao-6.pdf\" class=\"wp-block-file__button wp-element-button\" download aria-describedby=\"wp-block-file--media-5d3b5d2b-208e-4b84-8b4f-9d1b5d3484d7\">Descarregar<\/a><\/div>\n\n\n\n<div class=\"wp-block-file\"><a id=\"wp-block-file--media-038d5ebe-8dd0-461e-9dbf-0d295ec78fd4\" href=\"https:\/\/realpolitikmag.org\/wp-content\/uploads\/2021\/11\/Sessao-7.pdf\">Sess\u00e3o n\u00ba 7<\/a><a href=\"https:\/\/realpolitikmag.org\/wp-content\/uploads\/2021\/11\/Sessao-7.pdf\" class=\"wp-block-file__button wp-element-button\" download aria-describedby=\"wp-block-file--media-038d5ebe-8dd0-461e-9dbf-0d295ec78fd4\">Descarregar<\/a><\/div>\n\n\n\n<div class=\"wp-block-file\"><a id=\"wp-block-file--media-d3f277b6-fc91-4768-9314-8df1ea8c4a0a\" href=\"https:\/\/realpolitikmag.org\/wp-content\/uploads\/2021\/11\/Sessao-8.pdf\">Sess\u00e3o n\u00ba 8<\/a><a href=\"https:\/\/realpolitikmag.org\/wp-content\/uploads\/2021\/11\/Sessao-8.pdf\" class=\"wp-block-file__button wp-element-button\" download aria-describedby=\"wp-block-file--media-d3f277b6-fc91-4768-9314-8df1ea8c4a0a\">Descarregar<\/a><\/div>\n\n\n\n<div class=\"wp-block-file\"><a id=\"wp-block-file--media-24b86c95-5a92-4413-b027-351764fd9565\" href=\"https:\/\/realpolitikmag.org\/wp-content\/uploads\/2021\/12\/Sessao-9.pdf\">Sess\u00e3o n\u00ba 9<\/a><a href=\"https:\/\/realpolitikmag.org\/wp-content\/uploads\/2021\/12\/Sessao-9.pdf\" class=\"wp-block-file__button wp-element-button\" download aria-describedby=\"wp-block-file--media-24b86c95-5a92-4413-b027-351764fd9565\">Descarregar<\/a><\/div>\n\n\n\n<div class=\"wp-block-file\"><a id=\"wp-block-file--media-4ea7fbe6-af1b-434e-b9a1-0fc080b1859f\" href=\"https:\/\/realpolitikmag.org\/wp-content\/uploads\/2021\/12\/Sessao-10.pdf\">Sess\u00e3o n\u00ba 10<\/a><a href=\"https:\/\/realpolitikmag.org\/wp-content\/uploads\/2021\/12\/Sessao-10.pdf\" class=\"wp-block-file__button wp-element-button\" download aria-describedby=\"wp-block-file--media-4ea7fbe6-af1b-434e-b9a1-0fc080b1859f\">Descarregar<\/a><\/div>\n\n\n\n<div class=\"wp-block-file\"><a id=\"wp-block-file--media-ad719f50-a219-4ef3-b264-28a2f4a2be12\" href=\"https:\/\/realpolitikmag.org\/wp-content\/uploads\/2022\/01\/Sessao-11.pdf\">Sess\u00e3o n\u00ba 11<\/a><a href=\"https:\/\/realpolitikmag.org\/wp-content\/uploads\/2022\/01\/Sessao-11.pdf\" class=\"wp-block-file__button wp-element-button\" download aria-describedby=\"wp-block-file--media-ad719f50-a219-4ef3-b264-28a2f4a2be12\">Descarregar<\/a><\/div>\n\n\n\n<div class=\"wp-block-file\"><a id=\"wp-block-file--media-b6e4f740-2bce-4f93-abb6-f26fb397d766\" href=\"https:\/\/realpolitikmag.org\/wp-content\/uploads\/2022\/01\/Sessao-12.pdf\">Sess\u00e3o n\u00ba 12<\/a><a href=\"https:\/\/realpolitikmag.org\/wp-content\/uploads\/2022\/01\/Sessao-12.pdf\" class=\"wp-block-file__button wp-element-button\" download aria-describedby=\"wp-block-file--media-b6e4f740-2bce-4f93-abb6-f26fb397d766\">Descarregar<\/a><\/div>\n\n\n\n<div class=\"wp-block-file\"><a id=\"wp-block-file--media-092e3d70-8ce2-43d7-af57-8666bd5d19c2\" href=\"https:\/\/realpolitikmag.org\/wp-content\/uploads\/2021\/09\/Sessao-13.pdf\">Sess\u00e3o n\u00ba 13<\/a><a href=\"https:\/\/realpolitikmag.org\/wp-content\/uploads\/2021\/09\/Sessao-13.pdf\" class=\"wp-block-file__button wp-element-button\" download aria-describedby=\"wp-block-file--media-092e3d70-8ce2-43d7-af57-8666bd5d19c2\">Descarregar<\/a><\/div>\n\n\n\n<div class=\"wp-block-file\"><a id=\"wp-block-file--media-9d961a59-86c2-451b-94b7-768b41363ce8\" href=\"https:\/\/realpolitikmag.org\/wp-content\/uploads\/2022\/02\/Sessao-14.pdf\">Sess\u00e3o n\u00ba 14<\/a><a href=\"https:\/\/realpolitikmag.org\/wp-content\/uploads\/2022\/02\/Sessao-14.pdf\" class=\"wp-block-file__button wp-element-button\" download aria-describedby=\"wp-block-file--media-9d961a59-86c2-451b-94b7-768b41363ce8\">Descarregar<\/a><\/div>\n\n\n\n<div class=\"wp-block-file\"><a id=\"wp-block-file--media-1e7c9d60-04fc-47e2-8905-49578fdebe8a\" href=\"https:\/\/realpolitikmag.org\/wp-content\/uploads\/2022\/02\/Sessao-15.pdf\">Sess\u00e3o n\u00ba 15<\/a><a href=\"https:\/\/realpolitikmag.org\/wp-content\/uploads\/2022\/02\/Sessao-15.pdf\" class=\"wp-block-file__button wp-element-button\" download aria-describedby=\"wp-block-file--media-1e7c9d60-04fc-47e2-8905-49578fdebe8a\">Descarregar<\/a><\/div>\n\n\n\n<div class=\"wp-block-file\"><a id=\"wp-block-file--media-117feb3f-bb8c-4535-a790-59eea45a9dbe\" href=\"https:\/\/realpolitikmag.org\/wp-content\/uploads\/2022\/02\/Sessao-16.pdf\">Sess\u00e3o n\u00ba 16<\/a><a href=\"https:\/\/realpolitikmag.org\/wp-content\/uploads\/2022\/02\/Sessao-16.pdf\" class=\"wp-block-file__button wp-element-button\" download aria-describedby=\"wp-block-file--media-117feb3f-bb8c-4535-a790-59eea45a9dbe\">Descarregar<\/a><\/div>\n\n\n\n<div class=\"wp-block-file\"><a id=\"wp-block-file--media-f467bee7-a5a2-4c1d-81c1-49f8ab3ab5a1\" href=\"https:\/\/realpolitikmag.org\/wp-content\/uploads\/2022\/02\/Sessao-17.pdf\">Sess\u00e3o n\u00ba 17<\/a><a href=\"https:\/\/realpolitikmag.org\/wp-content\/uploads\/2022\/02\/Sessao-17.pdf\" class=\"wp-block-file__button wp-element-button\" download aria-describedby=\"wp-block-file--media-f467bee7-a5a2-4c1d-81c1-49f8ab3ab5a1\">Descarregar<\/a><\/div>\n\n\n\n<div class=\"wp-block-file\"><a id=\"wp-block-file--media-38a78bf4-5e9f-4191-a98c-139c3ce3bf3d\" href=\"https:\/\/realpolitikmag.org\/wp-content\/uploads\/2022\/03\/Sessao-18.pdf\">Sess\u00e3o n\u00ba 18<\/a><a href=\"https:\/\/realpolitikmag.org\/wp-content\/uploads\/2022\/03\/Sessao-18.pdf\" class=\"wp-block-file__button wp-element-button\" download aria-describedby=\"wp-block-file--media-38a78bf4-5e9f-4191-a98c-139c3ce3bf3d\">Descarregar<\/a><\/div>\n\n\n\n<div class=\"wp-block-file\"><a id=\"wp-block-file--media-4b75e5d7-03d2-4917-9baf-8a7e8230e63d\" href=\"https:\/\/realpolitikmag.org\/wp-content\/uploads\/2022\/03\/Sessao-19.pdf\">Sess\u00e3o n\u00ba 19<\/a><a href=\"https:\/\/realpolitikmag.org\/wp-content\/uploads\/2022\/03\/Sessao-19.pdf\" class=\"wp-block-file__button wp-element-button\" download aria-describedby=\"wp-block-file--media-4b75e5d7-03d2-4917-9baf-8a7e8230e63d\">Descarregar<\/a><\/div>\n\n\n\n<div class=\"wp-block-file\"><a id=\"wp-block-file--media-bbba24a9-cb79-4bb9-a2cc-789f8ef74ce9\" href=\"https:\/\/realpolitikmag.org\/wp-content\/uploads\/2022\/03\/Sessao-20.pdf\">Sess\u00e3o n\u00ba 20<\/a><a href=\"https:\/\/realpolitikmag.org\/wp-content\/uploads\/2022\/03\/Sessao-20.pdf\" class=\"wp-block-file__button wp-element-button\" download aria-describedby=\"wp-block-file--media-bbba24a9-cb79-4bb9-a2cc-789f8ef74ce9\">Descarregar<\/a><\/div>\n\n\n\n<div class=\"wp-block-file\"><a id=\"wp-block-file--media-0d251c7e-3ec8-4519-bf25-d5b120fe9fb1\" href=\"https:\/\/realpolitikmag.org\/wp-content\/uploads\/2022\/03\/Sessao-21.pdf\">Sess\u00e3o n\u00ba 21<\/a><a href=\"https:\/\/realpolitikmag.org\/wp-content\/uploads\/2022\/03\/Sessao-21.pdf\" class=\"wp-block-file__button wp-element-button\" download aria-describedby=\"wp-block-file--media-0d251c7e-3ec8-4519-bf25-d5b120fe9fb1\">Descarregar<\/a><\/div>\n\n\n\n<div class=\"wp-block-file\"><a id=\"wp-block-file--media-e1f119f8-7632-46e7-98f9-8c70cd94843a\" href=\"https:\/\/realpolitikmag.org\/wp-content\/uploads\/2022\/03\/Sessao-22.pdf\">Sess\u00e3o n\u00ba 22<\/a><a href=\"https:\/\/realpolitikmag.org\/wp-content\/uploads\/2022\/03\/Sessao-22.pdf\" class=\"wp-block-file__button wp-element-button\" download aria-describedby=\"wp-block-file--media-e1f119f8-7632-46e7-98f9-8c70cd94843a\">Descarregar<\/a><\/div>\n\n\n\n<div class=\"wp-block-file\"><a id=\"wp-block-file--media-ae8c083b-e4f1-495f-9f93-d64131004019\" href=\"https:\/\/realpolitikmag.org\/wp-content\/uploads\/2022\/04\/Sessao-23.pdf\">Sess\u00e3o n\u00ba 23<\/a><a href=\"https:\/\/realpolitikmag.org\/wp-content\/uploads\/2022\/04\/Sessao-23.pdf\" class=\"wp-block-file__button wp-element-button\" download aria-describedby=\"wp-block-file--media-ae8c083b-e4f1-495f-9f93-d64131004019\">Descarregar<\/a><\/div>\n\n\n\n<div class=\"wp-block-file\"><a id=\"wp-block-file--media-e72e4dac-b47c-429b-b64d-c13c97a382d8\" href=\"https:\/\/realpolitikmag.org\/wp-content\/uploads\/2022\/04\/Sessao-24.pdf\">Sess\u00e3o n\u00ba 24<\/a><a href=\"https:\/\/realpolitikmag.org\/wp-content\/uploads\/2022\/04\/Sessao-24.pdf\" class=\"wp-block-file__button wp-element-button\" download aria-describedby=\"wp-block-file--media-e72e4dac-b47c-429b-b64d-c13c97a382d8\">Descarregar<\/a><\/div>\n\n\n\n<div class=\"wp-block-file\"><a id=\"wp-block-file--media-f5b5e7e5-af9f-42af-bb75-ae1cab0c25c7\" href=\"https:\/\/realpolitikmag.org\/wp-content\/uploads\/2022\/04\/Sessao-25.pdf\">Sess\u00e3o n\u00ba 25<\/a><a href=\"https:\/\/realpolitikmag.org\/wp-content\/uploads\/2022\/04\/Sessao-25.pdf\" class=\"wp-block-file__button wp-element-button\" download aria-describedby=\"wp-block-file--media-f5b5e7e5-af9f-42af-bb75-ae1cab0c25c7\">Descarregar<\/a><\/div>\n\n\n\n<div class=\"wp-block-file\"><a id=\"wp-block-file--media-8df9d927-660c-4999-98d3-1e261f63a869\" href=\"https:\/\/realpolitikmag.org\/wp-content\/uploads\/2022\/04\/Sessao-26.pdf\">Sess\u00e3o n\u00ba 26<\/a><a href=\"https:\/\/realpolitikmag.org\/wp-content\/uploads\/2022\/04\/Sessao-26.pdf\" class=\"wp-block-file__button wp-element-button\" download aria-describedby=\"wp-block-file--media-8df9d927-660c-4999-98d3-1e261f63a869\">Descarregar<\/a><\/div>\n\n\n\n<div class=\"wp-block-file\"><a id=\"wp-block-file--media-34745c86-536c-4869-9ba3-466522653d34\" href=\"https:\/\/realpolitikmag.org\/wp-content\/uploads\/2022\/05\/Sessao-27.pdf\">Sess\u00e3o n\u00ba 27<\/a><a href=\"https:\/\/realpolitikmag.org\/wp-content\/uploads\/2022\/05\/Sessao-27.pdf\" class=\"wp-block-file__button wp-element-button\" download aria-describedby=\"wp-block-file--media-34745c86-536c-4869-9ba3-466522653d34\">Descarregar<\/a><\/div>\n\n\n\n<div class=\"wp-block-file\"><a id=\"wp-block-file--media-fa5ab353-38a5-48b0-909b-442cf5ea3be9\" href=\"https:\/\/realpolitikmag.org\/wp-content\/uploads\/2022\/05\/Sessao-28.pdf\">Sess\u00e3o n\u00ba 28<\/a><a href=\"https:\/\/realpolitikmag.org\/wp-content\/uploads\/2022\/05\/Sessao-28.pdf\" class=\"wp-block-file__button wp-element-button\" download aria-describedby=\"wp-block-file--media-fa5ab353-38a5-48b0-909b-442cf5ea3be9\">Descarregar<\/a><\/div>\n\n\n\n<div class=\"wp-block-file\"><a id=\"wp-block-file--media-f6927962-f283-4c9d-8321-80d98da011b8\" href=\"https:\/\/realpolitikmag.org\/wp-content\/uploads\/2022\/05\/Sessao-29.pdf\">Sess\u00e3o n\u00ba 29<\/a><a href=\"https:\/\/realpolitikmag.org\/wp-content\/uploads\/2022\/05\/Sessao-29.pdf\" class=\"wp-block-file__button wp-element-button\" download aria-describedby=\"wp-block-file--media-f6927962-f283-4c9d-8321-80d98da011b8\">Descarregar<\/a><\/div>\n\n\n\n<div class=\"wp-block-file\"><a id=\"wp-block-file--media-7351a079-a403-4ba4-a3e4-b7bded5ffdb4\" href=\"https:\/\/realpolitikmag.org\/wp-content\/uploads\/2022\/05\/Sessao-30.pdf\">Sess\u00e3o n\u00ba 30<\/a><a href=\"https:\/\/realpolitikmag.org\/wp-content\/uploads\/2022\/05\/Sessao-30.pdf\" class=\"wp-block-file__button wp-element-button\" download aria-describedby=\"wp-block-file--media-7351a079-a403-4ba4-a3e4-b7bded5ffdb4\">Descarregar<\/a><\/div>\n\n\n\n<div class=\"wp-block-file\"><a id=\"wp-block-file--media-f081fde0-7454-49ee-88ff-b01fe51d1001\" href=\"https:\/\/realpolitikmag.org\/wp-content\/uploads\/2022\/07\/Sessao-31.pdf\">Sess\u00e3o n\u00ba 31<\/a><a href=\"https:\/\/realpolitikmag.org\/wp-content\/uploads\/2022\/07\/Sessao-31.pdf\" class=\"wp-block-file__button wp-element-button\" download aria-describedby=\"wp-block-file--media-f081fde0-7454-49ee-88ff-b01fe51d1001\">Descarregar<\/a><\/div>\n\n\n\n<div class=\"wp-block-file\"><a id=\"wp-block-file--media-1562c79e-583f-461a-b4ee-eb7a05474087\" href=\"https:\/\/realpolitikmag.org\/wp-content\/uploads\/2022\/07\/Sessao-32.pdf\">Sess\u00e3o n\u00ba 32<\/a><a href=\"https:\/\/realpolitikmag.org\/wp-content\/uploads\/2022\/07\/Sessao-32.pdf\" class=\"wp-block-file__button wp-element-button\" download aria-describedby=\"wp-block-file--media-1562c79e-583f-461a-b4ee-eb7a05474087\">Descarregar<\/a><\/div>\n\n\n\n<div class=\"wp-block-file\"><a id=\"wp-block-file--media-7f82ee04-fdb8-4d44-8777-abbbb2753745\" href=\"https:\/\/realpolitikmag.org\/wp-content\/uploads\/2022\/07\/Sessao-33.pdf\">Sess\u00e3o n\u00ba 33<\/a><a href=\"https:\/\/realpolitikmag.org\/wp-content\/uploads\/2022\/07\/Sessao-33.pdf\" class=\"wp-block-file__button wp-element-button\" download aria-describedby=\"wp-block-file--media-7f82ee04-fdb8-4d44-8777-abbbb2753745\">Descarregar<\/a><\/div>\n\n\n\n<div class=\"wp-block-file\"><a id=\"wp-block-file--media-b92a134f-2a9f-453d-a1c3-606b7ef05274\" href=\"https:\/\/realpolitikmag.org\/wp-content\/uploads\/2022\/07\/Sessao-34.pdf\">Sess\u00e3o n\u00ba 34<\/a><a href=\"https:\/\/realpolitikmag.org\/wp-content\/uploads\/2022\/07\/Sessao-34.pdf\" class=\"wp-block-file__button wp-element-button\" download aria-describedby=\"wp-block-file--media-b92a134f-2a9f-453d-a1c3-606b7ef05274\">Descarregar<\/a><\/div>\n\n\n\n<div class=\"wp-block-file\"><a id=\"wp-block-file--media-1b4d8a8c-c86f-4006-944d-7e0477b12467\" href=\"https:\/\/realpolitikmag.org\/wp-content\/uploads\/2022\/07\/Sessao-35.pdf\">Sess\u00e3o n\u00ba 35<\/a><a href=\"https:\/\/realpolitikmag.org\/wp-content\/uploads\/2022\/07\/Sessao-35.pdf\" class=\"wp-block-file__button wp-element-button\" download aria-describedby=\"wp-block-file--media-1b4d8a8c-c86f-4006-944d-7e0477b12467\">Descarregar<\/a><\/div>\n\n\n\n<div class=\"wp-block-file\"><a id=\"wp-block-file--media-a0d014e4-1abd-4333-9a30-8fdb53a707e2\" href=\"https:\/\/realpolitikmag.org\/wp-content\/uploads\/2022\/07\/Sessao-36.pdf\">Sess\u00e3o n\u00ba 36<\/a><a href=\"https:\/\/realpolitikmag.org\/wp-content\/uploads\/2022\/07\/Sessao-36.pdf\" class=\"wp-block-file__button wp-element-button\" download aria-describedby=\"wp-block-file--media-a0d014e4-1abd-4333-9a30-8fdb53a707e2\">Descarregar<\/a><\/div>\n\n\n\n<div class=\"wp-block-file\"><a id=\"wp-block-file--media-664589ff-49dd-4c73-9fd5-0f18de07358c\" href=\"https:\/\/realpolitikmag.org\/wp-content\/uploads\/2022\/07\/Sessao-37.pdf\">Sess\u00e3on\u00ba  37<\/a><a href=\"https:\/\/realpolitikmag.org\/wp-content\/uploads\/2022\/07\/Sessao-37.pdf\" class=\"wp-block-file__button wp-element-button\" download aria-describedby=\"wp-block-file--media-664589ff-49dd-4c73-9fd5-0f18de07358c\">Descarregar<\/a><\/div>\n\n\n\n<div class=\"wp-block-file\"><a id=\"wp-block-file--media-f2702302-dd30-4f8d-938d-bcf462df6bc6\" href=\"https:\/\/realpolitikmag.org\/wp-content\/uploads\/2022\/07\/Sessao-38.pdf\">Sess\u00e3o n\u00ba 38<\/a><a href=\"https:\/\/realpolitikmag.org\/wp-content\/uploads\/2022\/07\/Sessao-38.pdf\" class=\"wp-block-file__button wp-element-button\" download aria-describedby=\"wp-block-file--media-f2702302-dd30-4f8d-938d-bcf462df6bc6\">Descarregar<\/a><\/div>\n","protected":false},"excerpt":{"rendered":"<p>Dura\u00e7\u00e3o: 1 ano lectivo Hor\u00e1rio: 2h \/ semana&nbsp; In\u00edcio: Outubro de 2021 O objectivo do curso \u00e9 passar em revista e analisar alguns dos problemas pol\u00edticos fundamentais do mundo contempor\u00e2neo, procurando perceber as suas potenciais implica\u00e7\u00f5es. Ao mesmo tempo, s\u00e3o tamb\u00e9m abordadas as principais linhas de conflito geopol\u00edtico a n\u00edvel mundial sob diferentes perspectivas anal\u00edticas. &hellip; <\/p>\n<p class=\"link-more\"><a href=\"https:\/\/realpolitikmag.org\/index.php\/2021\/09\/23\/politica-internacional-e-geopolitica-a-reconfiguracao-do-mundo-do-seculo-xxi\/\" class=\"more-link\">Continuar a ler <span class=\"screen-reader-text\">&#8220;Pol\u00edtica Internacional e Geopol\u00edtica \u2014 a reconfigura\u00e7\u00e3o do mundo do s\u00e9culo XXI (2021-2022)&#8221;<\/span><\/a><\/p>\n","protected":false},"author":1,"featured_media":0,"comment_status":"closed","ping_status":"closed","sticky":false,"template":"","format":"standard","meta":{"footnotes":""},"categories":[5],"tags":[],"class_list":["post-5756","post","type-post","status-publish","format-standard","hentry","category-cursos","entry"],"_links":{"self":[{"href":"https:\/\/realpolitikmag.org\/index.php\/wp-json\/wp\/v2\/posts\/5756","targetHints":{"allow":["GET"]}}],"collection":[{"href":"https:\/\/realpolitikmag.org\/index.php\/wp-json\/wp\/v2\/posts"}],"about":[{"href":"https:\/\/realpolitikmag.org\/index.php\/wp-json\/wp\/v2\/types\/post"}],"author":[{"embeddable":true,"href":"https:\/\/realpolitikmag.org\/index.php\/wp-json\/wp\/v2\/users\/1"}],"replies":[{"embeddable":true,"href":"https:\/\/realpolitikmag.org\/index.php\/wp-json\/wp\/v2\/comments?post=5756"}],"version-history":[{"count":1,"href":"https:\/\/realpolitikmag.org\/index.php\/wp-json\/wp\/v2\/posts\/5756\/revisions"}],"predecessor-version":[{"id":6630,"href":"https:\/\/realpolitikmag.org\/index.php\/wp-json\/wp\/v2\/posts\/5756\/revisions\/6630"}],"wp:attachment":[{"href":"https:\/\/realpolitikmag.org\/index.php\/wp-json\/wp\/v2\/media?parent=5756"}],"wp:term":[{"taxonomy":"category","embeddable":true,"href":"https:\/\/realpolitikmag.org\/index.php\/wp-json\/wp\/v2\/categories?post=5756"},{"taxonomy":"post_tag","embeddable":true,"href":"https:\/\/realpolitikmag.org\/index.php\/wp-json\/wp\/v2\/tags?post=5756"}],"curies":[{"name":"wp","href":"https:\/\/api.w.org\/{rel}","templated":true}]}}