{"id":6389,"date":"2024-09-18T11:12:18","date_gmt":"2024-09-18T11:12:18","guid":{"rendered":"https:\/\/realpolitikmag.org\/?p=6389"},"modified":"2024-09-18T15:58:49","modified_gmt":"2024-09-18T15:58:49","slug":"o-fim-da-paz-perpetua-geopolitica-de-um-mundo-em-metamorfose","status":"publish","type":"post","link":"https:\/\/realpolitikmag.org\/index.php\/2024\/09\/18\/o-fim-da-paz-perpetua-geopolitica-de-um-mundo-em-metamorfose\/","title":{"rendered":"O Fim da Paz Perp\u00e9tua. Geopol\u00edtica de um mundo em metamorfose"},"content":{"rendered":"\n<p><\/p>\n\n\n\n<figure class=\"wp-block-image size-large\"><a href=\"https:\/\/realpolitikmag.org\/wp-content\/uploads\/2024\/01\/O-Fim-da-Paz-Perpetua_capa-1-scaled-e1704200166241.jpg\"><img decoding=\"async\" src=\"https:\/\/realpolitikmag.org\/wp-content\/uploads\/2024\/01\/O-Fim-da-Paz-Perpetua_capa-1-scaled-e1704200166241-842x1024.jpg\" alt=\"\" class=\"wp-image-6405\"\/><\/a><\/figure>\n\n\n\n<p>Com o segundo anivers\u00e1rio da invas\u00e3o da Ucr\u00e2nia, que se assinala a 24 de Fevereiro, e uma outra trag\u00e9dia b\u00e9lica em curso no M\u00e9dio Oriente, nunca neste s\u00e9culo o mundo esteve numa situa\u00e7\u00e3o t\u00e3o perigosa.<\/p>\n\n\n\n<p>A predisposi\u00e7\u00e3o b\u00e9lica e as tens\u00f5es pol\u00edtico-militares regressaram em for\u00e7a.<\/p>\n\n\n\n<p>A ideia de um futuro pac\u00edfico e de coopera\u00e7\u00e3o entre Estados, sonhada por Kant, est\u00e1 a desmoronar-se.<\/p>\n\n\n\n<p>Este livro reflecte sobre o recrudescimento de rivalidades e conflitos a n\u00edvel internacional e sobre as grandes inc\u00f3gnitas geopol\u00edticas com que estamos confrontados.<\/p>\n\n\n\n<p>Uma das maiores ironias dos tempos conturbados que atravessamos \u00e9 de \u00edndole geogr\u00e1fica. Immanuel Kant viveu em K\u00f6nigsberg, capital da Pr\u00fassia Oriental, onde escreveu o panfleto Para a Paz Perp\u00e9tua. K\u00f6nigsberg \u00e9 hoje Kaliningrado, territ\u00f3rio russo situado entre a Pol\u00f3nia e a Litu\u00e2nia, bem perto da guerra em curso no leste europeu. A\u00ed, Putin descerrou em 2005 uma placa em honra de Kant, afirmando a sua admira\u00e7\u00e3o pelo fil\u00f3sofo que, segundo ele, \u00abse op\u00f4s categoricamente \u00e0 resolu\u00e7\u00e3o de diverg\u00eancias entre governos pela guerra\u00bb. O presidente russo est\u00e1 hoje bem menos kantiano \u2013 e o mundo tamb\u00e9m.<\/p>\n\n\n\n<p>In Pref\u00e1cio de Nuno Severiano Teixeira<\/p>\n\n\n\n<p>\u00a9 <a href=\"https:\/\/zigurate.pt\/o-fim-da-paz-perpetua\">Excerto do Pref\u00e1cio de Nuno Severiano Teixeira ao Livro\u00a0 \u201cO Fim da Paz Perp\u00e9tua\u201d de Jos\u00e9 Pedro Teixeira Fernandes (Livros Zigurate, 2024)<\/a><\/p>\n\n\n\n<p>\u00a9\u00a0 <a href=\"https:\/\/zigurate.pt\/o-fim-da-paz-perpetua\">Imagem: capa do Livro de Jos\u00e9 Pedro Teixeira Fernandes \u201cO Fim da Paz Perp\u00e9tua\u201d (Livros Zigurate, 2024)<\/a><\/p>\n\n\n\n[Livro financiado pela FCT \u2013 Funda\u00e7\u00e3o para a Ci\u00eancia e a Tecnologia, I.P.,&nbsp;no \u00e2mbito do projecto UIDB\/04627\/2020.]\n","protected":false},"excerpt":{"rendered":"<p>Com o segundo anivers\u00e1rio da invas\u00e3o da Ucr\u00e2nia, que se assinala a 24 de Fevereiro, e uma outra trag\u00e9dia b\u00e9lica em curso no M\u00e9dio Oriente, nunca neste s\u00e9culo o mundo esteve numa situa\u00e7\u00e3o t\u00e3o perigosa. A predisposi\u00e7\u00e3o b\u00e9lica e as tens\u00f5es pol\u00edtico-militares regressaram em for\u00e7a. A ideia de um futuro pac\u00edfico e de coopera\u00e7\u00e3o entre &hellip; <\/p>\n<p class=\"link-more\"><a href=\"https:\/\/realpolitikmag.org\/index.php\/2024\/09\/18\/o-fim-da-paz-perpetua-geopolitica-de-um-mundo-em-metamorfose\/\" class=\"more-link\">Continuar a ler <span class=\"screen-reader-text\">&#8220;O Fim da Paz Perp\u00e9tua. Geopol\u00edtica de um mundo em metamorfose&#8221;<\/span><\/a><\/p>\n","protected":false},"author":1,"featured_media":0,"comment_status":"closed","ping_status":"closed","sticky":false,"template":"","format":"standard","meta":{"footnotes":""},"categories":[2],"tags":[],"class_list":["post-6389","post","type-post","status-publish","format-standard","hentry","category-livros","entry"],"_links":{"self":[{"href":"https:\/\/realpolitikmag.org\/index.php\/wp-json\/wp\/v2\/posts\/6389","targetHints":{"allow":["GET"]}}],"collection":[{"href":"https:\/\/realpolitikmag.org\/index.php\/wp-json\/wp\/v2\/posts"}],"about":[{"href":"https:\/\/realpolitikmag.org\/index.php\/wp-json\/wp\/v2\/types\/post"}],"author":[{"embeddable":true,"href":"https:\/\/realpolitikmag.org\/index.php\/wp-json\/wp\/v2\/users\/1"}],"replies":[{"embeddable":true,"href":"https:\/\/realpolitikmag.org\/index.php\/wp-json\/wp\/v2\/comments?post=6389"}],"version-history":[{"count":1,"href":"https:\/\/realpolitikmag.org\/index.php\/wp-json\/wp\/v2\/posts\/6389\/revisions"}],"predecessor-version":[{"id":6612,"href":"https:\/\/realpolitikmag.org\/index.php\/wp-json\/wp\/v2\/posts\/6389\/revisions\/6612"}],"wp:attachment":[{"href":"https:\/\/realpolitikmag.org\/index.php\/wp-json\/wp\/v2\/media?parent=6389"}],"wp:term":[{"taxonomy":"category","embeddable":true,"href":"https:\/\/realpolitikmag.org\/index.php\/wp-json\/wp\/v2\/categories?post=6389"},{"taxonomy":"post_tag","embeddable":true,"href":"https:\/\/realpolitikmag.org\/index.php\/wp-json\/wp\/v2\/tags?post=6389"}],"curies":[{"name":"wp","href":"https:\/\/api.w.org\/{rel}","templated":true}]}}