{"id":6804,"date":"2024-09-15T09:45:56","date_gmt":"2024-09-15T09:45:56","guid":{"rendered":"https:\/\/realpolitikmag.org\/?p=6804"},"modified":"2026-04-27T14:24:07","modified_gmt":"2026-04-27T14:24:07","slug":"politica-internacional-e-geopolitica-a-policrise-do-mundo-globalizado-2025-2026","status":"publish","type":"post","link":"https:\/\/realpolitikmag.org\/index.php\/2024\/09\/15\/politica-internacional-e-geopolitica-a-policrise-do-mundo-globalizado-2025-2026\/","title":{"rendered":"Pol\u00edtica Internacional e Geopol\u00edtica \u2013 a policrise do mundo globalizado (2025-2026)"},"content":{"rendered":"\n<figure class=\"wp-block-image size-full\"><a href=\"https:\/\/realpolitikmag.org\/wp-content\/uploads\/2025\/05\/Globo.tiff\"><img decoding=\"async\" src=\"https:\/\/realpolitikmag.org\/wp-content\/uploads\/2025\/05\/Globo.tiff\" alt=\"\" class=\"wp-image-6760\"\/><\/a><\/figure>\n\n\n\n<figure class=\"wp-block-image size-full\"><a href=\"https:\/\/realpolitikmag.org\/wp-content\/uploads\/2021\/09\/curso-livre-bw.jpg\"><img loading=\"lazy\" decoding=\"async\" width=\"148\" height=\"144\" src=\"https:\/\/realpolitikmag.org\/wp-content\/uploads\/2021\/09\/curso-livre-bw.jpg\" alt=\"\" class=\"wp-image-5762\"\/><\/a><\/figure>\n\n\n\n<p><\/p>\n\n\n\n<p>Dura\u00e7\u00e3o: 1 ano lectivo<\/p>\n\n\n\n<p>Hor\u00e1rio: 2h \/ semana<\/p>\n\n\n\n<p>In\u00edcio:  Outubro de 2025<\/p>\n\n\n\n<p>Nos anos 2020 do s\u00e9culo XXI estamos a assistir um processo de r\u00e1pida transforma\u00e7\u00e3o de um mundo globalizado, largamente configurado pelo Ocidente nos \u00faltimos duzentos anos, num novo mundo de contornos difusos onde s\u00e3o vis\u00edveis tonalidades muito menos ocidentais. Ao mesmo tempo, vivemos uma \u00e9poca de policrise, ou seja, onde m\u00faltiplas crises e transforma\u00e7\u00f5es profundas se interligam entre si convergindo e amplificando os seus efeitos, provocando uma situa\u00e7\u00e3o particularmente complexa. Assim, objectivo da unidade cultural \u00e9 analisar a pol\u00edtica internacional e geopol\u00edtica do mundo contempor\u00e2neo no contexto de policrise simultaneamente provocado pela guerra, por choques energ\u00e9ticos, por tecnologias disruptoras,  por contesta\u00e7\u00f5es populistas radicais \u00e0 democracia liberal, por migra\u00e7\u00f5es de massa e por altera\u00e7\u00f5es clim\u00e1ticas profundas. Os t\u00f3picos s\u00e3o indicativos das tem\u00e1ticas a desenvolver durante as sess\u00f5es. Nelas ser\u00e3o privilegiadas os temas e acontecimentos que marcarem a actualidade da pol\u00edtica e internacional e geopol\u00edtica.<\/p>\n\n\n\n<figure class=\"wp-block-image size-full\"><a href=\"https:\/\/realpolitikmag.org\/wp-content\/uploads\/2021\/09\/palestra-bw.jpg\"><img loading=\"lazy\" decoding=\"async\" width=\"98\" height=\"96\" src=\"https:\/\/realpolitikmag.org\/wp-content\/uploads\/2021\/09\/palestra-bw.jpg\" alt=\"\" class=\"wp-image-5763\"\/><\/a><\/figure>\n\n\n\n<div class=\"wp-block-file\"><a id=\"wp-block-file--media-b673963d-fdb5-4e0d-8e3d-43b96a527fe0\" href=\"https:\/\/realpolitikmag.org\/wp-content\/uploads\/2025\/09\/Geopolitica-sessao-no-1.pdf\">Geopol\u00edtica sess\u00e3o n\u00ba 1<\/a><a href=\"https:\/\/realpolitikmag.org\/wp-content\/uploads\/2025\/09\/Geopolitica-sessao-no-1.pdf\" class=\"wp-block-file__button wp-element-button\" download aria-describedby=\"wp-block-file--media-b673963d-fdb5-4e0d-8e3d-43b96a527fe0\">Descarregar<\/a><\/div>\n\n\n\n<div class=\"wp-block-file\"><a id=\"wp-block-file--media-61e54fc0-7a34-45e8-8955-ab42dbf54c49\" href=\"https:\/\/realpolitikmag.org\/wp-content\/uploads\/2025\/10\/Geopolitica-sessao-no-2.pdf\">Geopol\u00edtica sess\u00e3o n\u00ba 2<\/a><a href=\"https:\/\/realpolitikmag.org\/wp-content\/uploads\/2025\/10\/Geopolitica-sessao-no-2.pdf\" class=\"wp-block-file__button wp-element-button\" download aria-describedby=\"wp-block-file--media-61e54fc0-7a34-45e8-8955-ab42dbf54c49\">Descarregar<\/a><\/div>\n\n\n\n<div class=\"wp-block-file\"><a id=\"wp-block-file--media-c396d89e-7a7a-4286-82e6-da61dca59881\" href=\"https:\/\/realpolitikmag.org\/wp-content\/uploads\/2025\/10\/Geopolitica-sessao-no-3.pdf\">Geopol\u00edtica sess\u00e3o n\u00ba 3<\/a><a href=\"https:\/\/realpolitikmag.org\/wp-content\/uploads\/2025\/10\/Geopolitica-sessao-no-3.pdf\" class=\"wp-block-file__button wp-element-button\" download aria-describedby=\"wp-block-file--media-c396d89e-7a7a-4286-82e6-da61dca59881\">Descarregar<\/a><\/div>\n\n\n\n<div class=\"wp-block-file\"><a id=\"wp-block-file--media-583a2161-a221-41bb-a802-82361e2b0c92\" href=\"https:\/\/realpolitikmag.org\/wp-content\/uploads\/2025\/10\/Geopolitica-sessao-no-4.pdf\">Geopol\u00edtica sess\u00e3o n\u00ba 4<\/a><a href=\"https:\/\/realpolitikmag.org\/wp-content\/uploads\/2025\/10\/Geopolitica-sessao-no-4.pdf\" class=\"wp-block-file__button wp-element-button\" download aria-describedby=\"wp-block-file--media-583a2161-a221-41bb-a802-82361e2b0c92\">Descarregar<\/a><\/div>\n\n\n\n<div class=\"wp-block-file\"><a id=\"wp-block-file--media-4e53faab-f585-4ca3-9d0b-2689bff1d511\" href=\"https:\/\/realpolitikmag.org\/wp-content\/uploads\/2025\/10\/Geopolitica-sessao-no-5.pdf\">Geopol\u00edtica sess\u00e3o n\u00ba 5<\/a><a href=\"https:\/\/realpolitikmag.org\/wp-content\/uploads\/2025\/10\/Geopolitica-sessao-no-5.pdf\" class=\"wp-block-file__button wp-element-button\" download aria-describedby=\"wp-block-file--media-4e53faab-f585-4ca3-9d0b-2689bff1d511\">Descarregar<\/a><\/div>\n\n\n\n<div class=\"wp-block-file\"><a id=\"wp-block-file--media-a547c3db-1979-4e28-8ea5-bcfe3e5a5738\" href=\"https:\/\/realpolitikmag.org\/wp-content\/uploads\/2025\/11\/Geopolitica-sessao-no-6.pdf\">Geopol\u00edtica sess\u00e3o n\u00ba 6<\/a><a href=\"https:\/\/realpolitikmag.org\/wp-content\/uploads\/2025\/11\/Geopolitica-sessao-no-6.pdf\" class=\"wp-block-file__button wp-element-button\" download aria-describedby=\"wp-block-file--media-a547c3db-1979-4e28-8ea5-bcfe3e5a5738\">Descarregar<\/a><\/div>\n\n\n\n<div class=\"wp-block-file\"><a id=\"wp-block-file--media-78c91cd6-6980-410a-87b5-4e6cb057c623\" href=\"https:\/\/realpolitikmag.org\/wp-content\/uploads\/2025\/11\/Geopolitica-sessao-no-7.pdf\">Geopol\u00edtica sess\u00e3o n\u00ba 7<\/a><a href=\"https:\/\/realpolitikmag.org\/wp-content\/uploads\/2025\/11\/Geopolitica-sessao-no-7.pdf\" class=\"wp-block-file__button wp-element-button\" download aria-describedby=\"wp-block-file--media-78c91cd6-6980-410a-87b5-4e6cb057c623\">Descarregar<\/a><\/div>\n\n\n\n<div class=\"wp-block-file\"><a id=\"wp-block-file--media-7671f276-4779-49f8-a97d-c411bfc253bc\" href=\"https:\/\/realpolitikmag.org\/wp-content\/uploads\/2025\/11\/Geopolitica-sessao-no-8.pdf\">Geopol\u00edtica sess\u00e3o n\u00ba 8<\/a><a href=\"https:\/\/realpolitikmag.org\/wp-content\/uploads\/2025\/11\/Geopolitica-sessao-no-8.pdf\" class=\"wp-block-file__button wp-element-button\" download aria-describedby=\"wp-block-file--media-7671f276-4779-49f8-a97d-c411bfc253bc\">Descarregar<\/a><\/div>\n\n\n\n<div class=\"wp-block-file\"><a id=\"wp-block-file--media-b27710a1-1192-486f-a51e-f611a841c90b\" href=\"https:\/\/realpolitikmag.org\/wp-content\/uploads\/2025\/11\/Geopolitica-sessao-no-9.pdf\">Geopol\u00edtica sess\u00e3o n\u00ba 9<\/a><a href=\"https:\/\/realpolitikmag.org\/wp-content\/uploads\/2025\/11\/Geopolitica-sessao-no-9.pdf\" class=\"wp-block-file__button wp-element-button\" download aria-describedby=\"wp-block-file--media-b27710a1-1192-486f-a51e-f611a841c90b\">Descarregar<\/a><\/div>\n\n\n\n<div class=\"wp-block-file\"><a id=\"wp-block-file--media-946f51fc-e238-4176-aaa1-5fd13370cf98\" href=\"https:\/\/realpolitikmag.org\/wp-content\/uploads\/2025\/12\/Geopolitica-sessao-no-10.pdf\">Geopol\u00edtica sess\u00e3o n\u00ba 10<\/a><a href=\"https:\/\/realpolitikmag.org\/wp-content\/uploads\/2025\/12\/Geopolitica-sessao-no-10.pdf\" class=\"wp-block-file__button wp-element-button\" download aria-describedby=\"wp-block-file--media-946f51fc-e238-4176-aaa1-5fd13370cf98\">Descarregar<\/a><\/div>\n\n\n\n<div class=\"wp-block-file\"><a id=\"wp-block-file--media-035368cd-b44b-4345-81ff-ccd4f1f51124\" href=\"https:\/\/realpolitikmag.org\/wp-content\/uploads\/2025\/12\/Geopolitica-sessao-no-11.pdf\">Geopol\u00edtica sess\u00e3o n\u00ba 11<\/a><a href=\"https:\/\/realpolitikmag.org\/wp-content\/uploads\/2025\/12\/Geopolitica-sessao-no-11.pdf\" class=\"wp-block-file__button wp-element-button\" download aria-describedby=\"wp-block-file--media-035368cd-b44b-4345-81ff-ccd4f1f51124\">Descarregar<\/a><\/div>\n\n\n\n<div class=\"wp-block-file\"><a id=\"wp-block-file--media-1ab36c3b-3f49-4be2-a0b0-dd84cf808cbd\" href=\"https:\/\/realpolitikmag.org\/wp-content\/uploads\/2025\/12\/Geopolitica-sessao-no-12.pdf\">Geopol\u00edtica sess\u00e3o n\u00ba 12<\/a><a href=\"https:\/\/realpolitikmag.org\/wp-content\/uploads\/2025\/12\/Geopolitica-sessao-no-12.pdf\" class=\"wp-block-file__button wp-element-button\" download aria-describedby=\"wp-block-file--media-1ab36c3b-3f49-4be2-a0b0-dd84cf808cbd\">Descarregar<\/a><\/div>\n\n\n\n<div class=\"wp-block-file\"><a id=\"wp-block-file--media-0e3a2dd4-7097-43c4-b705-894351f95f2e\" href=\"https:\/\/realpolitikmag.org\/wp-content\/uploads\/2026\/01\/Geopolitica-sessao-no-13.pdf\">Geopol\u00edtica sess\u00e3o n\u00ba 13<\/a><a href=\"https:\/\/realpolitikmag.org\/wp-content\/uploads\/2026\/01\/Geopolitica-sessao-no-13.pdf\" class=\"wp-block-file__button wp-element-button\" download aria-describedby=\"wp-block-file--media-0e3a2dd4-7097-43c4-b705-894351f95f2e\">Descarregar<\/a><\/div>\n\n\n\n<div class=\"wp-block-file\"><a id=\"wp-block-file--media-7ca28496-34f1-4486-bf62-dbe9e29acdef\" href=\"https:\/\/realpolitikmag.org\/wp-content\/uploads\/2026\/01\/Geopolitica-sessao-no-14.pdf\">Geopol\u00edtica sess\u00e3o n\u00ba 14<\/a><a href=\"https:\/\/realpolitikmag.org\/wp-content\/uploads\/2026\/01\/Geopolitica-sessao-no-14.pdf\" class=\"wp-block-file__button wp-element-button\" download aria-describedby=\"wp-block-file--media-7ca28496-34f1-4486-bf62-dbe9e29acdef\">Descarregar<\/a><\/div>\n\n\n\n<div class=\"wp-block-file\"><a id=\"wp-block-file--media-f3f22627-70e1-4b03-a466-b255d623e7db\" href=\"https:\/\/realpolitikmag.org\/wp-content\/uploads\/2026\/01\/Geopolitica-sessao-no-15.pdf\">Geopol\u00edtica sess\u00e3o n\u00ba 15<\/a><a href=\"https:\/\/realpolitikmag.org\/wp-content\/uploads\/2026\/01\/Geopolitica-sessao-no-15.pdf\" class=\"wp-block-file__button wp-element-button\" download aria-describedby=\"wp-block-file--media-f3f22627-70e1-4b03-a466-b255d623e7db\">Descarregar<\/a><\/div>\n\n\n\n<div class=\"wp-block-file\"><a id=\"wp-block-file--media-ca3ee097-4e2e-495b-9e16-26b5dd7ce3ac\" href=\"https:\/\/realpolitikmag.org\/wp-content\/uploads\/2026\/01\/Geopolitica-sessao-no-16.pdf\">Geopol\u00edtica sess\u00e3o n\u00ba 16<\/a><a href=\"https:\/\/realpolitikmag.org\/wp-content\/uploads\/2026\/01\/Geopolitica-sessao-no-16.pdf\" class=\"wp-block-file__button wp-element-button\" download aria-describedby=\"wp-block-file--media-ca3ee097-4e2e-495b-9e16-26b5dd7ce3ac\">Descarregar<\/a><\/div>\n\n\n\n<div class=\"wp-block-file\"><a id=\"wp-block-file--media-c9b4ded5-31f1-47e8-a4a1-02ab3af3a668\" href=\"https:\/\/realpolitikmag.org\/wp-content\/uploads\/2026\/02\/Geopolitica-sessao-no-17-.pdf\">Geopol\u00edtica sess\u00e3o n\u00ba 17<\/a><a href=\"https:\/\/realpolitikmag.org\/wp-content\/uploads\/2026\/02\/Geopolitica-sessao-no-17-.pdf\" class=\"wp-block-file__button wp-element-button\" download aria-describedby=\"wp-block-file--media-c9b4ded5-31f1-47e8-a4a1-02ab3af3a668\">Descarregar<\/a><\/div>\n\n\n\n<div class=\"wp-block-file\"><a id=\"wp-block-file--media-86b963d0-5f8e-4785-a68d-5ccefa4844cd\" href=\"https:\/\/realpolitikmag.org\/wp-content\/uploads\/2026\/02\/Geopolitica-sessao-no-18.pdf\">Geopol\u00edtica sess\u00e3o n\u00ba 18<\/a><a href=\"https:\/\/realpolitikmag.org\/wp-content\/uploads\/2026\/02\/Geopolitica-sessao-no-18.pdf\" class=\"wp-block-file__button wp-element-button\" download aria-describedby=\"wp-block-file--media-86b963d0-5f8e-4785-a68d-5ccefa4844cd\">Descarregar<\/a><\/div>\n\n\n\n<div class=\"wp-block-file\"><a id=\"wp-block-file--media-87889d43-621a-443b-88f9-1114a9a4a9df\" href=\"https:\/\/realpolitikmag.org\/wp-content\/uploads\/2026\/02\/Geopolitica-sessao-no-19.pdf\">Geopol\u00edtica sess\u00e3o n\u00ba 19<\/a><a href=\"https:\/\/realpolitikmag.org\/wp-content\/uploads\/2026\/02\/Geopolitica-sessao-no-19.pdf\" class=\"wp-block-file__button wp-element-button\" download aria-describedby=\"wp-block-file--media-87889d43-621a-443b-88f9-1114a9a4a9df\">Descarregar<\/a><\/div>\n\n\n\n<div class=\"wp-block-file\"><a id=\"wp-block-file--media-0be23e92-90cf-4fe0-ac87-05728f873440\" href=\"https:\/\/realpolitikmag.org\/wp-content\/uploads\/2026\/02\/Geopolitica-sessao-no-20.pdf\">Geopol\u00edtica sess\u00e3o n\u00ba 20<\/a><a href=\"https:\/\/realpolitikmag.org\/wp-content\/uploads\/2026\/02\/Geopolitica-sessao-no-20.pdf\" class=\"wp-block-file__button wp-element-button\" download aria-describedby=\"wp-block-file--media-0be23e92-90cf-4fe0-ac87-05728f873440\">Descarregar<\/a><\/div>\n\n\n\n<div class=\"wp-block-file\"><a id=\"wp-block-file--media-d60cf0a5-9947-48dd-bf65-71c9ad88b4fe\" href=\"https:\/\/realpolitikmag.org\/wp-content\/uploads\/2026\/03\/Geopolitica-sessao-no-21.pdf\">Geopol\u00edtica sess\u00e3o n\u00ba 21<\/a><a href=\"https:\/\/realpolitikmag.org\/wp-content\/uploads\/2026\/03\/Geopolitica-sessao-no-21.pdf\" class=\"wp-block-file__button wp-element-button\" download aria-describedby=\"wp-block-file--media-d60cf0a5-9947-48dd-bf65-71c9ad88b4fe\">Descarregar<\/a><\/div>\n\n\n\n<div class=\"wp-block-file\"><a id=\"wp-block-file--media-01b29f1c-7dea-43d3-954c-b9c0c37feed0\" href=\"https:\/\/realpolitikmag.org\/wp-content\/uploads\/2026\/03\/Geopolitica-sessao-no-22.pdf\">Geopol\u00edtica sess\u00e3o n\u00ba 22<\/a><a href=\"https:\/\/realpolitikmag.org\/wp-content\/uploads\/2026\/03\/Geopolitica-sessao-no-22.pdf\" class=\"wp-block-file__button wp-element-button\" download aria-describedby=\"wp-block-file--media-01b29f1c-7dea-43d3-954c-b9c0c37feed0\">Descarregar<\/a><\/div>\n\n\n\n<div class=\"wp-block-file\"><a id=\"wp-block-file--media-3665deb9-6c19-4606-8f1a-935c98039328\" href=\"https:\/\/realpolitikmag.org\/wp-content\/uploads\/2026\/03\/Geopolitica-sessao-no-23.pdf\">Geopol\u00edtica sess\u00e3o n\u00ba 23<\/a><a href=\"https:\/\/realpolitikmag.org\/wp-content\/uploads\/2026\/03\/Geopolitica-sessao-no-23.pdf\" class=\"wp-block-file__button wp-element-button\" download aria-describedby=\"wp-block-file--media-3665deb9-6c19-4606-8f1a-935c98039328\">Descarregar<\/a><\/div>\n\n\n\n<div class=\"wp-block-file\"><a id=\"wp-block-file--media-85e6a11c-3261-47bc-aa85-9e3f002ceec5\" href=\"https:\/\/realpolitikmag.org\/wp-content\/uploads\/2026\/03\/Geopolitica-sessao-no-24.pdf\">Geopol\u00edtica sess\u00e3o n\u00ba 24<\/a><a href=\"https:\/\/realpolitikmag.org\/wp-content\/uploads\/2026\/03\/Geopolitica-sessao-no-24.pdf\" class=\"wp-block-file__button wp-element-button\" download aria-describedby=\"wp-block-file--media-85e6a11c-3261-47bc-aa85-9e3f002ceec5\">Descarregar<\/a><\/div>\n\n\n\n<div class=\"wp-block-file\"><a id=\"wp-block-file--media-d1c6a86b-4e6b-45c2-8d06-808166ab9971\" href=\"https:\/\/realpolitikmag.org\/wp-content\/uploads\/2026\/04\/Geopolitica-sessao-no-25.pdf\">Geopol\u00edtica sess\u00e3o n\u00ba 25<\/a><a href=\"https:\/\/realpolitikmag.org\/wp-content\/uploads\/2026\/04\/Geopolitica-sessao-no-25.pdf\" class=\"wp-block-file__button wp-element-button\" download aria-describedby=\"wp-block-file--media-d1c6a86b-4e6b-45c2-8d06-808166ab9971\">Descarregar<\/a><\/div>\n\n\n\n<div class=\"wp-block-file\"><a id=\"wp-block-file--media-b22930bf-641e-4662-9042-702d30bb989b\" href=\"https:\/\/realpolitikmag.org\/wp-content\/uploads\/2026\/04\/Geopolitica-sessao-no-26.pdf\">Geopol\u00edtica sess\u00e3o n\u00ba 26<\/a><a href=\"https:\/\/realpolitikmag.org\/wp-content\/uploads\/2026\/04\/Geopolitica-sessao-no-26.pdf\" class=\"wp-block-file__button wp-element-button\" download aria-describedby=\"wp-block-file--media-b22930bf-641e-4662-9042-702d30bb989b\">Descarregar<\/a><\/div>\n\n\n\n<div class=\"wp-block-file\"><a id=\"wp-block-file--media-57ff18cb-a05b-4fd5-8a78-f5e5bccac7e5\" href=\"https:\/\/realpolitikmag.org\/wp-content\/uploads\/2026\/04\/Geopolitica-sessao-no-27.pdf\">Geopol\u00edtica sess\u00e3o n\u00ba 27<\/a><a href=\"https:\/\/realpolitikmag.org\/wp-content\/uploads\/2026\/04\/Geopolitica-sessao-no-27.pdf\" class=\"wp-block-file__button wp-element-button\" download aria-describedby=\"wp-block-file--media-57ff18cb-a05b-4fd5-8a78-f5e5bccac7e5\">Descarregar<\/a><\/div>\n\n\n\n<div class=\"wp-block-file\"><a id=\"wp-block-file--media-95a04093-91e6-491a-a63a-9ab45ea03d42\" href=\"https:\/\/realpolitikmag.org\/wp-content\/uploads\/2026\/04\/Geopolitica-sessao-no-28.pdf\">Geopol\u00edtica sess\u00e3o n\u00ba 28<\/a><a href=\"https:\/\/realpolitikmag.org\/wp-content\/uploads\/2026\/04\/Geopolitica-sessao-no-28.pdf\" class=\"wp-block-file__button wp-element-button\" download aria-describedby=\"wp-block-file--media-95a04093-91e6-491a-a63a-9ab45ea03d42\">Descarregar<\/a><\/div>\n","protected":false},"excerpt":{"rendered":"<p>Dura\u00e7\u00e3o: 1 ano lectivo Hor\u00e1rio: 2h \/ semana In\u00edcio: Outubro de 2025 Nos anos 2020 do s\u00e9culo XXI estamos a assistir um processo de r\u00e1pida transforma\u00e7\u00e3o de um mundo globalizado, largamente configurado pelo Ocidente nos \u00faltimos duzentos anos, num novo mundo de contornos difusos onde s\u00e3o vis\u00edveis tonalidades muito menos ocidentais. Ao mesmo tempo, vivemos &hellip; <\/p>\n<p class=\"link-more\"><a href=\"https:\/\/realpolitikmag.org\/index.php\/2024\/09\/15\/politica-internacional-e-geopolitica-a-policrise-do-mundo-globalizado-2025-2026\/\" class=\"more-link\">Continuar a ler <span class=\"screen-reader-text\">&#8220;Pol\u00edtica Internacional e Geopol\u00edtica \u2013 a policrise do mundo globalizado (2025-2026)&#8221;<\/span><\/a><\/p>\n","protected":false},"author":1,"featured_media":0,"comment_status":"closed","ping_status":"closed","sticky":false,"template":"","format":"standard","meta":{"footnotes":""},"categories":[5],"tags":[],"class_list":["post-6804","post","type-post","status-publish","format-standard","hentry","category-cursos","entry"],"_links":{"self":[{"href":"https:\/\/realpolitikmag.org\/index.php\/wp-json\/wp\/v2\/posts\/6804","targetHints":{"allow":["GET"]}}],"collection":[{"href":"https:\/\/realpolitikmag.org\/index.php\/wp-json\/wp\/v2\/posts"}],"about":[{"href":"https:\/\/realpolitikmag.org\/index.php\/wp-json\/wp\/v2\/types\/post"}],"author":[{"embeddable":true,"href":"https:\/\/realpolitikmag.org\/index.php\/wp-json\/wp\/v2\/users\/1"}],"replies":[{"embeddable":true,"href":"https:\/\/realpolitikmag.org\/index.php\/wp-json\/wp\/v2\/comments?post=6804"}],"version-history":[{"count":46,"href":"https:\/\/realpolitikmag.org\/index.php\/wp-json\/wp\/v2\/posts\/6804\/revisions"}],"predecessor-version":[{"id":6922,"href":"https:\/\/realpolitikmag.org\/index.php\/wp-json\/wp\/v2\/posts\/6804\/revisions\/6922"}],"wp:attachment":[{"href":"https:\/\/realpolitikmag.org\/index.php\/wp-json\/wp\/v2\/media?parent=6804"}],"wp:term":[{"taxonomy":"category","embeddable":true,"href":"https:\/\/realpolitikmag.org\/index.php\/wp-json\/wp\/v2\/categories?post=6804"},{"taxonomy":"post_tag","embeddable":true,"href":"https:\/\/realpolitikmag.org\/index.php\/wp-json\/wp\/v2\/tags?post=6804"}],"curies":[{"name":"wp","href":"https:\/\/api.w.org\/{rel}","templated":true}]}}